{"id":2721,"date":"2026-08-22T13:14:05","date_gmt":"2026-08-22T13:14:05","guid":{"rendered":"https:\/\/ateneodelalaguna.com\/?p=2721"},"modified":"2026-08-22T13:30:56","modified_gmt":"2026-08-22T13:30:56","slug":"recital-poetico-y-presentacion","status":"publish","type":"post","link":"https:\/\/ateneodelalaguna.com\/?p=2721","title":{"rendered":"Recital po\u00e9tico y presentaci\u00f3n"},"content":{"rendered":"\n<p class=\"has-medium-font-size\">\u00a1Comenzamos el curso!<\/p>\n\n\n\n<p class=\"has-medium-font-size\">Y lo hacemos de la mano de la poes\u00eda infantil, la hecha por ellas, con much\u00edsima ilusi\u00f3n&nbsp;<\/p>\n\n\n\n<p class=\"has-vivid-red-color has-text-color has-link-color has-medium-font-size wp-elements-5d09109821f97ce51548011b0e6f5eab\"><strong>SEPTIEMBRE &#8211; VIERNES 4 &#8211; 18.00 H<\/strong><\/p>\n\n\n\n<p class=\"has-vivid-red-color has-text-color has-link-color wp-elements-a3fbec0a670aaebf66e05efccd499203\"><strong>Lugar<\/strong>: Librer\u00eda El Refugio &#8211; C\/ Maya 21 &#8211; La Laguna<\/p>\n\n\n\n<p>Traemos un recital po\u00e9tico donde los menores del Taller de Lectura Infantil Ana Guacimara Hern\u00e1ndez Mart\u00edn leer\u00e1n en p\u00fablico las obras e ilustraciones que publicaron en la<strong> I y II Antolog\u00eda Infantil<\/strong><\/p>\n\n\n\n<p>El proyecto que promueve la lectoescritura, la comprensi\u00f3n y el conocimiento literario incluyen ilustraciones de los participantes y traducciones a varios idiomas, y ser\u00e1 una ocasi\u00f3n maravillosa de acercarnos y abrazar la creaci\u00f3n de nuestras ni\u00f1as y ni\u00f1os<\/p>\n\n\n\n<p><\/p>\n","protected":false},"excerpt":{"rendered":"<p>\u00a1Comenzamos el curso! Y lo hacemos de la mano de la poes\u00eda infantil, la hecha por ellas, con much\u00edsima ilusi\u00f3n&nbsp; SEPTIEMBRE &#8211; VIERNES 4 &#8211; 18.00 H Lugar: Librer\u00eda El Refugio &#8211; C\/ Maya 21 &#8211; La Laguna Traemos un recital po\u00e9tico donde los menores del Taller de Lectura Infantil Ana Guacimara Hern\u00e1ndez Mart\u00edn leer\u00e1n &hellip; <\/p>\n<p class=\"link-more\"><a href=\"https:\/\/ateneodelalaguna.com\/?p=2721\" class=\"more-link\">Continuar leyendo<span class=\"screen-reader-text\"> \u00abRecital po\u00e9tico y presentaci\u00f3n\u00bb<\/span><\/a><\/p>\n","protected":false},"author":2,"featured_media":2723,"comment_status":"closed","ping_status":"open","sticky":true,"template":"","format":"standard","meta":{"footnotes":""},"categories":[3,11],"tags":[],"class_list":["post-2721","post","type-post","status-publish","format-standard","has-post-thumbnail","hentry","category-inicio","category-literatura-teatro"],"_links":{"self":[{"href":"https:\/\/ateneodelalaguna.com\/index.php?rest_route=\/wp\/v2\/posts\/2721","targetHints":{"allow":["GET"]}}],"collection":[{"href":"https:\/\/ateneodelalaguna.com\/index.php?rest_route=\/wp\/v2\/posts"}],"about":[{"href":"https:\/\/ateneodelalaguna.com\/index.php?rest_route=\/wp\/v2\/types\/post"}],"author":[{"embeddable":true,"href":"https:\/\/ateneodelalaguna.com\/index.php?rest_route=\/wp\/v2\/users\/2"}],"replies":[{"embeddable":true,"href":"https:\/\/ateneodelalaguna.com\/index.php?rest_route=%2Fwp%2Fv2%2Fcomments&post=2721"}],"version-history":[{"count":1,"href":"https:\/\/ateneodelalaguna.com\/index.php?rest_route=\/wp\/v2\/posts\/2721\/revisions"}],"predecessor-version":[{"id":2722,"href":"https:\/\/ateneodelalaguna.com\/index.php?rest_route=\/wp\/v2\/posts\/2721\/revisions\/2722"}],"wp:featuredmedia":[{"embeddable":true,"href":"https:\/\/ateneodelalaguna.com\/index.php?rest_route=\/wp\/v2\/media\/2723"}],"wp:attachment":[{"href":"https:\/\/ateneodelalaguna.com\/index.php?rest_route=%2Fwp%2Fv2%2Fmedia&parent=2721"}],"wp:term":[{"taxonomy":"category","embeddable":true,"href":"https:\/\/ateneodelalaguna.com\/index.php?rest_route=%2Fwp%2Fv2%2Fcategories&post=2721"},{"taxonomy":"post_tag","embeddable":true,"href":"https:\/\/ateneodelalaguna.com\/index.php?rest_route=%2Fwp%2Fv2%2Ftags&post=2721"}],"curies":[{"name":"wp","href":"https:\/\/api.w.org\/{rel}","templated":true}]}}